{"id":1445,"date":"2012-06-21T07:00:31","date_gmt":"2012-06-21T05:00:31","guid":{"rendered":"http:\/\/www.johannapas.be\/core\/?p=1445"},"modified":"2012-06-21T08:30:05","modified_gmt":"2012-06-21T06:30:05","slug":"woorden","status":"publish","type":"post","link":"https:\/\/www.johannapas.be\/core\/woorden\/","title":{"rendered":"woorden"},"content":{"rendered":"<div id=\"attachment_1446\" style=\"width: 235px\" class=\"wp-caption alignright\"><a href=\"http:\/\/www.johannapas.be\/core\/gedichten\/woorden\/attachment\/foto-2\/\" rel=\"attachment wp-att-1446\"><img aria-describedby=\"caption-attachment-1446\" data-attachment-id=\"1446\" data-permalink=\"https:\/\/www.johannapas.be\/core\/woorden\/foto-2\/\" data-orig-file=\"https:\/\/i0.wp.com\/www.johannapas.be\/core\/wp-content\/uploads\/2012\/06\/foto-2.jpg?fit=480%2C640&amp;ssl=1\" data-orig-size=\"480,640\" data-comments-opened=\"1\" data-image-meta=\"{&quot;aperture&quot;:&quot;2.8&quot;,&quot;credit&quot;:&quot;&quot;,&quot;camera&quot;:&quot;iPhone 3GS&quot;,&quot;caption&quot;:&quot;&quot;,&quot;created_timestamp&quot;:&quot;1335787421&quot;,&quot;copyright&quot;:&quot;&quot;,&quot;focal_length&quot;:&quot;3.85&quot;,&quot;iso&quot;:&quot;64&quot;,&quot;shutter_speed&quot;:&quot;0.000583430571762&quot;,&quot;title&quot;:&quot;&quot;}\" data-image-title=\"foto: Hanna Dikker Hupkes\" data-image-description=\"\" data-image-caption=\"&lt;p&gt;foto: Hanna Dikker Hupkes&lt;\/p&gt;\n\" data-medium-file=\"https:\/\/i0.wp.com\/www.johannapas.be\/core\/wp-content\/uploads\/2012\/06\/foto-2.jpg?fit=225%2C300&amp;ssl=1\" data-large-file=\"https:\/\/i0.wp.com\/www.johannapas.be\/core\/wp-content\/uploads\/2012\/06\/foto-2.jpg?fit=480%2C640&amp;ssl=1\" decoding=\"async\" loading=\"lazy\" class=\"size-medium wp-image-1446\" title=\"foto: Hanna Dikker Hupkes\" src=\"https:\/\/i0.wp.com\/www.johannapas.be\/core\/wp-content\/uploads\/2012\/06\/foto-2.jpg?resize=225%2C300\" alt=\"foto: zee - Hanna Dikker Hupkes\" width=\"225\" height=\"300\" srcset=\"https:\/\/i0.wp.com\/www.johannapas.be\/core\/wp-content\/uploads\/2012\/06\/foto-2.jpg?resize=225%2C300&amp;ssl=1 225w, https:\/\/i0.wp.com\/www.johannapas.be\/core\/wp-content\/uploads\/2012\/06\/foto-2.jpg?w=480&amp;ssl=1 480w\" sizes=\"(max-width: 225px) 100vw, 225px\" data-recalc-dims=\"1\" \/><\/a><p id=\"caption-attachment-1446\" class=\"wp-caption-text\">foto: Hanna Dikker Hupkes<\/p><\/div>\n<p>In den beginne was er niets<br \/>\ngeen opstuivend zand geen wind geen woord<br \/>\ngeen kleuren geen zwart-wit<\/p>\n<p>Maar toen ik kwam<br \/>\nwas alles al gemaakt: de woorden waren er<br \/>\nvoor alles<\/p>\n<p>behalve voor de dingen die alleen ikzelf kon zien<\/p>\n<p>\u2014 maar daar werd niet over gepraat<\/p>\n","protected":false},"excerpt":{"rendered":"<p>In den beginne was er niets geen opstuivend zand geen wind geen woord geen kleuren geen zwart-wit Maar toen ik kwam was alles al gemaakt: de woorden waren er voor alles behalve voor de dingen die alleen ikzelf kon zien \u2014 maar daar werd niet over gepraat<\/p>\n","protected":false},"author":3,"featured_media":0,"comment_status":"open","ping_status":"open","sticky":false,"template":"","format":"standard","meta":{"_jetpack_newsletter_access":"","footnotes":""},"categories":[4],"tags":[],"jetpack_featured_media_url":"","jetpack_sharing_enabled":true,"jetpack_shortlink":"https:\/\/wp.me\/s8pym5-woorden","jetpack-related-posts":[{"id":3753,"url":"https:\/\/www.johannapas.be\/core\/angst\/","url_meta":{"origin":1445,"position":0},"title":"deur","author":"Johanna","date":"30 juni 2017","format":false,"excerpt":"1. Achter ons viel een deur in het slot. Weet je nog: jij en ik en K in een cocon van vreugde dat we bestonden dat we armen hadden en een dak boven ons hoofd en alles was meedogenloos verlicht. Jouw handen groter en mijn schouders breder. En achter ons\u2026","rel":"","context":"In &quot;gedichten&quot;","block_context":{"text":"gedichten","link":"https:\/\/www.johannapas.be\/core\/category\/gedichten\/"},"img":{"alt_text":"","src":"https:\/\/i0.wp.com\/www.johannapas.be\/core\/wp-content\/uploads\/2017\/06\/Portugal-2017-054-225x300.jpg?resize=350%2C200","width":350,"height":200},"classes":[]},{"id":3335,"url":"https:\/\/www.johannapas.be\/core\/witte-inkt\/","url_meta":{"origin":1445,"position":1},"title":"Witte inkt","author":"Johanna","date":"11 december 2014","format":false,"excerpt":"Op 10 december presenteerde klas 10C van De Es in Berchem hun po\u00ebzieproject: \"Witte inkt\". Ik was erbij op uitnodiging van een van de ouders omdat de jongeren, tot mijn verrassing, ook fragmenten uit mijn bundel Soms gaan bomen staande dood hadden geselecteerd voor hun stuk. Omdat ik geen idee\u2026","rel":"","context":"In &quot;tekst&quot;","block_context":{"text":"tekst","link":"https:\/\/www.johannapas.be\/core\/category\/tekst\/"},"img":{"alt_text":"","src":"https:\/\/i0.wp.com\/www.johannapas.be\/core\/wp-content\/uploads\/2014\/12\/witte-inkt-004-300x201.jpg?resize=350%2C200","width":350,"height":200},"classes":[]},{"id":186,"url":"https:\/\/www.johannapas.be\/core\/186\/","url_meta":{"origin":1445,"position":2},"title":"recensie cjp-magazine","author":"Johanna","date":"9 oktober 2011","format":false,"excerpt":"Recensie cjp magazine 25 februari 2010 Soms gaan bomen staande dood Johanna Pas, met tekeningen van Andr\u00e9 Sollie \u2014 Catharina Dhaen 25 Februari 2010 Beter \u00e9\u00e9n boek in de hand dan tien in de kast. We kregen een broekzakgroot po\u00ebziebundeltje in de handen gestopt en zijn dolenthousiast. Soms kunnen weinig\u2026","rel":"","context":"In &quot;recensies&quot;","block_context":{"text":"recensies","link":"https:\/\/www.johannapas.be\/core\/category\/recensies\/"},"img":{"alt_text":"","src":"","width":0,"height":0},"classes":[]},{"id":3307,"url":"https:\/\/www.johannapas.be\/core\/echternach\/","url_meta":{"origin":1445,"position":3},"title":"echternach","author":"Johanna","date":"17 november 2014","format":false,"excerpt":"Waarom ik achterover viel dat weet ik niet niet zeker Er waren beelden die mijn netvlies raakten en zich een weg naar binnen brandden maar dat dat was het niet Er waren woorden die zich voor mijn voeten wierpen de takken die mijn kuiten striemden de bijen die geen angel\u2026","rel":"","context":"In &quot;gedichten&quot;","block_context":{"text":"gedichten","link":"https:\/\/www.johannapas.be\/core\/category\/gedichten\/"},"img":{"alt_text":"","src":"https:\/\/i0.wp.com\/www.johannapas.be\/core\/wp-content\/uploads\/2014\/11\/namen-101114-002-225x300.jpg?resize=350%2C200","width":350,"height":200},"classes":[]},{"id":3664,"url":"https:\/\/www.johannapas.be\/core\/jaccuse\/","url_meta":{"origin":1445,"position":4},"title":"j&#8217;accuse","author":"Johanna","date":"28 juni 2016","format":false,"excerpt":"J'accuse Haat verbindt \u2013 hecht zich aan alles wat zich niet laat paaien maakt geen handen vuil je zegt ik riep maar wat De krijger is alleen \u2013 maakt eenzaam van de woorden daden \u00a0","rel":"","context":"In &quot;gedichten&quot;","block_context":{"text":"gedichten","link":"https:\/\/www.johannapas.be\/core\/category\/gedichten\/"},"img":{"alt_text":"","src":"https:\/\/i0.wp.com\/www.johannapas.be\/core\/wp-content\/uploads\/2016\/06\/rouwen-om-Orlando-300x300.jpg?resize=350%2C200","width":350,"height":200},"classes":[]},{"id":2871,"url":"https:\/\/www.johannapas.be\/core\/dieptezicht\/","url_meta":{"origin":1445,"position":5},"title":"Dieptezicht","author":"Johanna","date":"8 maart 2014","format":false,"excerpt":"Naar aanleiding van de internationale vrouwendag, een reactie op het artikel van Lieke Marsman, dat een bijzonder goede reactie was op een artikel van Jamal Ouariachi. Elke keer als ik geconfronteerd word met een discussie waarin een man tegen vrouwen in het algemeen (en tegen vrouwelijke auteurs in het bijzonder)\u2026","rel":"","context":"In &quot;tekst&quot;","block_context":{"text":"tekst","link":"https:\/\/www.johannapas.be\/core\/category\/tekst\/"},"img":{"alt_text":"dieptezicht","src":"https:\/\/i0.wp.com\/www.johannapas.be\/core\/wp-content\/uploads\/2014\/03\/dieptezicht.jpg?resize=350%2C200","width":350,"height":200,"srcset":"https:\/\/i0.wp.com\/www.johannapas.be\/core\/wp-content\/uploads\/2014\/03\/dieptezicht.jpg?resize=350%2C200 1x, https:\/\/i0.wp.com\/www.johannapas.be\/core\/wp-content\/uploads\/2014\/03\/dieptezicht.jpg?resize=525%2C300 1.5x"},"classes":[]}],"_links":{"self":[{"href":"https:\/\/www.johannapas.be\/core\/wp-json\/wp\/v2\/posts\/1445"}],"collection":[{"href":"https:\/\/www.johannapas.be\/core\/wp-json\/wp\/v2\/posts"}],"about":[{"href":"https:\/\/www.johannapas.be\/core\/wp-json\/wp\/v2\/types\/post"}],"author":[{"embeddable":true,"href":"https:\/\/www.johannapas.be\/core\/wp-json\/wp\/v2\/users\/3"}],"replies":[{"embeddable":true,"href":"https:\/\/www.johannapas.be\/core\/wp-json\/wp\/v2\/comments?post=1445"}],"version-history":[{"count":11,"href":"https:\/\/www.johannapas.be\/core\/wp-json\/wp\/v2\/posts\/1445\/revisions"}],"predecessor-version":[{"id":1458,"href":"https:\/\/www.johannapas.be\/core\/wp-json\/wp\/v2\/posts\/1445\/revisions\/1458"}],"wp:attachment":[{"href":"https:\/\/www.johannapas.be\/core\/wp-json\/wp\/v2\/media?parent=1445"}],"wp:term":[{"taxonomy":"category","embeddable":true,"href":"https:\/\/www.johannapas.be\/core\/wp-json\/wp\/v2\/categories?post=1445"},{"taxonomy":"post_tag","embeddable":true,"href":"https:\/\/www.johannapas.be\/core\/wp-json\/wp\/v2\/tags?post=1445"}],"curies":[{"name":"wp","href":"https:\/\/api.w.org\/{rel}","templated":true}]}}