{"id":926,"date":"2012-02-14T08:43:05","date_gmt":"2012-02-14T08:43:05","guid":{"rendered":"http:\/\/www.johannapas.be\/core\/?p=926"},"modified":"2013-02-16T15:56:22","modified_gmt":"2013-02-16T13:56:22","slug":"stroom","status":"publish","type":"post","link":"https:\/\/www.johannapas.be\/core\/stroom\/","title":{"rendered":"Stroom"},"content":{"rendered":"<p>Ter gelegenheid van Gedichtendag en Valentijn liet <a title=\"RTV\" href=\"http:\/\/www.rtv.be\" target=\"_blank\">RTV <\/a>in de maand januari een aantal dichters aan het woord na elke uitzending van &#8220;Bladwijzer&#8221;, het boekenprogramma van deze regionale zender.<br \/>\nVoor de opnames begaven Runa S. en ik ons in de Vlaamse modder rond de Schelde, op zoek naar een windturbine voor haar gedicht en naar een stukje onbezoedelde stroom voor het mijne.<\/p>\n<p>Voor het Valentijnsgedicht mocht ik ironisch genoeg plaatsnemen bij de Dijkgravin. Voor deze dijk van een vrouw wilde ik natuurlijk graag mijn gedicht &#8220;Ode aan mijn pen&#8221; voordragen.<\/p>\n<p>Het gedicht <strong>&#8220;Water&#8221;<\/strong> van johanna pas kan je <a title=\"Bladwijzer 24 januari Johanna Pas 10:22\" href=\"http:\/\/www.rtv.be\/artikels\/bladwijzer\/2012011314423332_bladwijzer-24-januari\" target=\"_blank\">hier <\/a>bekijken op 10:22<br \/>\nof <a title=\"Water - voorgedragen door Johanna Pas\" href=\"http:\/\/www.youtube.com\/watch?v=VEBjEuxVpZo\">hier op youtube<\/a>.<br \/>\nHet gedicht <strong>&#8220;Ode aan mijn pen&#8221;<\/strong> van johanna pas kan je <a title=\"Bladwijzer 14 februari johanna pas 10:00 en Andr\u00e9 Sollie\" href=\"http:\/\/www.rtv.be\/artikels\/bladwijzer\/2012020210503951_bladwijzer-steekt-op-valentijn-vol-liefde-en-erotiek\" target=\"_blank\">hier <\/a>bekijken op 10:00 (maar kijk eerst naar de prachtige uitzending over de nieuwe bundel van Andr\u00e9 Sollie) of <a title=\"Ode aan mijn vulpen - voorgedragen door Johanna Pas\" href=\"http:\/\/www.youtube.com\/watch?v=AADE0OyrlSI\">hier op youtube<\/a>.<\/p>\n<p>Het gedicht &#8220;Windturbines&#8221; van <a title=\"Runa Svetlik homepage\" href=\"http:\/\/runa.svetlik.be\/schrijven\/index.php\">Runa S.<\/a> vind je <a title=\"Bladwijzer 18 januari Runa S 10:18\" href=\"http:\/\/www.rtv.be\/artikels\/bladwijzer\/2012011209193815_niemand-en-ik-brengt-speels-liefdesverhaal-in-bladwijzer\" target=\"_blank\">hier <\/a>op 10:18<\/p>\n<div id=\"attachment_944\" style=\"width: 235px\" class=\"wp-caption alignright\"><a href=\"http:\/\/www.johannapas.be\/core\/voordrachten\/stroom\/attachment\/090120122827-2\/\" rel=\"attachment wp-att-944\"><img aria-describedby=\"caption-attachment-944\" data-attachment-id=\"944\" data-permalink=\"https:\/\/www.johannapas.be\/core\/stroom\/090120122827-2\/\" data-orig-file=\"https:\/\/i0.wp.com\/www.johannapas.be\/core\/wp-content\/uploads\/2012\/02\/0901201228271.jpg?fit=630%2C840&amp;ssl=1\" data-orig-size=\"630,840\" data-comments-opened=\"1\" data-image-meta=\"{&quot;aperture&quot;:&quot;0&quot;,&quot;credit&quot;:&quot;&quot;,&quot;camera&quot;:&quot;&quot;,&quot;caption&quot;:&quot;&quot;,&quot;created_timestamp&quot;:&quot;0&quot;,&quot;copyright&quot;:&quot;&quot;,&quot;focal_length&quot;:&quot;0&quot;,&quot;iso&quot;:&quot;0&quot;,&quot;shutter_speed&quot;:&quot;0&quot;,&quot;title&quot;:&quot;&quot;}\" data-image-title=\"De Dijkgravin &#8211; Bornem\" data-image-description=\"\" data-image-caption=\"&lt;p&gt;De Dijkgravin in Bornem&lt;\/p&gt;\n\" data-medium-file=\"https:\/\/i0.wp.com\/www.johannapas.be\/core\/wp-content\/uploads\/2012\/02\/0901201228271.jpg?fit=225%2C300&amp;ssl=1\" data-large-file=\"https:\/\/i0.wp.com\/www.johannapas.be\/core\/wp-content\/uploads\/2012\/02\/0901201228271.jpg?fit=625%2C833&amp;ssl=1\" decoding=\"async\" loading=\"lazy\" class=\"size-medium wp-image-944\" title=\"De Dijkgravin - Bornem\" alt=\"\" src=\"https:\/\/i0.wp.com\/www.johannapas.be\/core\/wp-content\/uploads\/2012\/02\/0901201228271.jpg?resize=225%2C300\" width=\"225\" height=\"300\" srcset=\"https:\/\/i0.wp.com\/www.johannapas.be\/core\/wp-content\/uploads\/2012\/02\/0901201228271.jpg?resize=225%2C300&amp;ssl=1 225w, https:\/\/i0.wp.com\/www.johannapas.be\/core\/wp-content\/uploads\/2012\/02\/0901201228271.jpg?w=630&amp;ssl=1 630w\" sizes=\"(max-width: 225px) 100vw, 225px\" data-recalc-dims=\"1\" \/><\/a><p id=\"caption-attachment-944\" class=\"wp-caption-text\">De Dijkgravin in Bornem<\/p><\/div>\n","protected":false},"excerpt":{"rendered":"<p>Ter gelegenheid van Gedichtendag en Valentijn liet RTV in de maand januari een aantal dichters aan het woord na elke uitzending van &#8220;Bladwijzer&#8221;, het boekenprogramma van deze regionale zender. Voor de opnames begaven Runa S. en ik ons in de Vlaamse modder rond de Schelde, op zoek naar een windturbine voor haar gedicht en naar [&hellip;]<\/p>\n","protected":false},"author":3,"featured_media":0,"comment_status":"open","ping_status":"open","sticky":false,"template":"","format":"standard","meta":{"_jetpack_newsletter_access":"","footnotes":""},"categories":[1],"tags":[],"jetpack_featured_media_url":"","jetpack_sharing_enabled":true,"jetpack_shortlink":"https:\/\/wp.me\/s8pym5-stroom","jetpack-related-posts":[{"id":2840,"url":"https:\/\/www.johannapas.be\/core\/ballonnenvrees-19-2-14\/","url_meta":{"origin":926,"position":0},"title":"Ballonnenvrees 19-2-14","author":"Johanna","date":"21 februari 2014","format":false,"excerpt":"Ballonnenvrees is altijd verrassend. Elke keer denk je: waarom staan deze mensen met al hun talent niet vaker op grote podia? Waarom worden daar altijd dezelfde namen opgevoerd terwijl hier zoveel moois passeert. Dus ik zou zeggen: ga eens vaker naar een laag podium als Ballonnenvrees, De Sprekende Ezels, De\u2026","rel":"","context":"In &quot;voordrachten&quot;","block_context":{"text":"voordrachten","link":"https:\/\/www.johannapas.be\/core\/category\/voordrachten\/"},"img":{"alt_text":"","src":"https:\/\/i0.wp.com\/www.johannapas.be\/core\/wp-content\/uploads\/2014\/02\/johanna-podium-300x224.jpg?resize=350%2C200","width":350,"height":200},"classes":[]},{"id":1958,"url":"https:\/\/www.johannapas.be\/core\/turing2012\/","url_meta":{"origin":926,"position":1},"title":"Turing Gedichtenwedstrijd 2012","author":"Johanna","date":"8 februari 2013","format":false,"excerpt":"Op 6 februari 2013 vond de uitreiking van de Turing Nationale Gedichtenwedstrijd 2012 plaats in de Stadsschouwburg in Amsterdam. Het was een boeiende avond, met veel gedichten en veel mooie commentaren van de jury en ook veel humor. Dat, gecombineerd met een ongelooflijk respect voor alle deelnemers, maakte het een\u2026","rel":"","context":"In &quot;gedichten&quot;","block_context":{"text":"gedichten","link":"https:\/\/www.johannapas.be\/core\/category\/gedichten\/"},"img":{"alt_text":"","src":"","width":0,"height":0},"classes":[]},{"id":186,"url":"https:\/\/www.johannapas.be\/core\/186\/","url_meta":{"origin":926,"position":2},"title":"recensie cjp-magazine","author":"Johanna","date":"9 oktober 2011","format":false,"excerpt":"Recensie cjp magazine 25 februari 2010 Soms gaan bomen staande dood Johanna Pas, met tekeningen van Andr\u00e9 Sollie \u2014 Catharina Dhaen 25 Februari 2010 Beter \u00e9\u00e9n boek in de hand dan tien in de kast. We kregen een broekzakgroot po\u00ebziebundeltje in de handen gestopt en zijn dolenthousiast. Soms kunnen weinig\u2026","rel":"","context":"In &quot;recensies&quot;","block_context":{"text":"recensies","link":"https:\/\/www.johannapas.be\/core\/category\/recensies\/"},"img":{"alt_text":"","src":"","width":0,"height":0},"classes":[]},{"id":3034,"url":"https:\/\/www.johannapas.be\/core\/mieren-een-verhaal\/","url_meta":{"origin":926,"position":3},"title":"Mieren &#8211; een verhaal","author":"Johanna","date":"29 maart 2016","format":false,"excerpt":"Mieren\u00a0\u2013 Johanna Pas Ik zit op de patio en kijk naar de mieren. Een\u00a0briesje\u00a0streelt mijn stramme schouders. De mieren lopen tussen de voegen, over en langs elkaar heen. Een ordeloze horde in een ordelijke stroom.\u00a0Van bovenaf lijkt het of er een lijn zit in wat ze doen, maar die is\u2026","rel":"","context":"In &quot;tekst&quot;","block_context":{"text":"tekst","link":"https:\/\/www.johannapas.be\/core\/category\/tekst\/"},"img":{"alt_text":"Mier - mjp","src":"https:\/\/i0.wp.com\/www.johannapas.be\/core\/wp-content\/uploads\/2014\/05\/image-e1399743049608.jpg?resize=350%2C200","width":350,"height":200,"srcset":"https:\/\/i0.wp.com\/www.johannapas.be\/core\/wp-content\/uploads\/2014\/05\/image-e1399743049608.jpg?resize=350%2C200 1x, https:\/\/i0.wp.com\/www.johannapas.be\/core\/wp-content\/uploads\/2014\/05\/image-e1399743049608.jpg?resize=525%2C300 1.5x"},"classes":[]},{"id":3300,"url":"https:\/\/www.johannapas.be\/core\/inspiratie-de-geurmuze\/","url_meta":{"origin":926,"position":4},"title":"Inspiratie: de geurmuze","author":"Johanna","date":"4 november 2014","format":false,"excerpt":"Fietsend tegen de wind, op het ritme van mijn op en neer bewegende voeten, met de wisselende geuren in mijn neus \u2013 dan weer van rottend blad, dan weer een huis waar de geur van soep of pas gestreken goed uit tevoorschijn drijft, dan weer de optrekkende autobus voor mij\u2026","rel":"","context":"In &quot;tekst&quot;","block_context":{"text":"tekst","link":"https:\/\/www.johannapas.be\/core\/category\/tekst\/"},"img":{"alt_text":"","src":"https:\/\/i0.wp.com\/www.johannapas.be\/core\/wp-content\/uploads\/2014\/11\/020620101434-300x225.jpg?resize=350%2C200","width":350,"height":200},"classes":[]},{"id":3736,"url":"https:\/\/www.johannapas.be\/core\/recensie-de-rug-van-een-hand\/","url_meta":{"origin":926,"position":5},"title":"Recensie De rug van een hand","author":"Johanna","date":"12 april 2017","format":false,"excerpt":"Recensie op Goodreads door Willy Schuyesmans 13 februari 2017 'De rug van een hand' is een indrukwekkende po\u00ebziebundel over de veertien liefdes van Violante Juarez Oliveira. Wie de roman van M.J. Pas: De taal van boekenruggen, heeft gelezen zal die Violante herkennen als een van de hoofdpersonen uit dit boek.\u2026","rel":"","context":"In &quot;recensies&quot;","block_context":{"text":"recensies","link":"https:\/\/www.johannapas.be\/core\/category\/recensies\/"},"img":{"alt_text":"","src":"https:\/\/i0.wp.com\/www.johannapas.be\/core\/wp-content\/uploads\/2017\/04\/rug-van-hand-goodreas-635x262.jpg?resize=350%2C200","width":350,"height":200,"srcset":"https:\/\/i0.wp.com\/www.johannapas.be\/core\/wp-content\/uploads\/2017\/04\/rug-van-hand-goodreas-635x262.jpg?resize=350%2C200 1x, https:\/\/i0.wp.com\/www.johannapas.be\/core\/wp-content\/uploads\/2017\/04\/rug-van-hand-goodreas-635x262.jpg?resize=525%2C300 1.5x"},"classes":[]}],"_links":{"self":[{"href":"https:\/\/www.johannapas.be\/core\/wp-json\/wp\/v2\/posts\/926"}],"collection":[{"href":"https:\/\/www.johannapas.be\/core\/wp-json\/wp\/v2\/posts"}],"about":[{"href":"https:\/\/www.johannapas.be\/core\/wp-json\/wp\/v2\/types\/post"}],"author":[{"embeddable":true,"href":"https:\/\/www.johannapas.be\/core\/wp-json\/wp\/v2\/users\/3"}],"replies":[{"embeddable":true,"href":"https:\/\/www.johannapas.be\/core\/wp-json\/wp\/v2\/comments?post=926"}],"version-history":[{"count":22,"href":"https:\/\/www.johannapas.be\/core\/wp-json\/wp\/v2\/posts\/926\/revisions"}],"predecessor-version":[{"id":933,"href":"https:\/\/www.johannapas.be\/core\/wp-json\/wp\/v2\/posts\/926\/revisions\/933"}],"wp:attachment":[{"href":"https:\/\/www.johannapas.be\/core\/wp-json\/wp\/v2\/media?parent=926"}],"wp:term":[{"taxonomy":"category","embeddable":true,"href":"https:\/\/www.johannapas.be\/core\/wp-json\/wp\/v2\/categories?post=926"},{"taxonomy":"post_tag","embeddable":true,"href":"https:\/\/www.johannapas.be\/core\/wp-json\/wp\/v2\/tags?post=926"}],"curies":[{"name":"wp","href":"https:\/\/api.w.org\/{rel}","templated":true}]}}